[{"@context":"https:\/\/schema.org\/","@type":"Article","@id":"https:\/\/www.sopok.cz\/co-se-tyka-problemu-s-elektrem-meli-byste-to-nechat-na-zkusenejsich\/#Article","mainEntityOfPage":"https:\/\/www.sopok.cz\/co-se-tyka-problemu-s-elektrem-meli-byste-to-nechat-na-zkusenejsich\/","headline":"Co se t\u00fdk\u00e1 probl\u00e9m\u016f s elektrem, m\u011bli byste to nechat na zku\u0161en\u011bj\u0161\u00edch","name":"Co se t\u00fdk\u00e1 probl\u00e9m\u016f s elektrem, m\u011bli byste to nechat na zku\u0161en\u011bj\u0161\u00edch","description":"Pokud se v\u00e1m n\u011bkdy stane, \u017ee se v\u00e1m pokaz\u00ed n\u011bjak\u00fd elektrick\u00fd p\u0159\u00edstroj, nem\u011bli byste se do opravy dan\u00e9 v\u011bci.","datePublished":"2022-07-23","dateModified":"2023-05-18","author":{"@type":"Person","@id":"https:\/\/www.sopok.cz\/author\/devene\/#Person","name":"devene","url":"https:\/\/www.sopok.cz\/author\/devene\/","identifier":1,"image":{"@type":"ImageObject","@id":"https:\/\/secure.gravatar.com\/avatar\/7b7a3ac09da7f6a75c5f1ebec5be454c22943a51b9f5595d89318ef09bd44dd1?s=96&d=mm&r=g","url":"https:\/\/secure.gravatar.com\/avatar\/7b7a3ac09da7f6a75c5f1ebec5be454c22943a51b9f5595d89318ef09bd44dd1?s=96&d=mm&r=g","height":96,"width":96}},"publisher":{"@type":"Organization","name":"sopok.cz","logo":{"@type":"ImageObject","@id":"\/logo.png","url":"\/logo.png","width":600,"height":60}},"image":{"@type":"ImageObject","@id":"https:\/\/www.sopok.cz\/wp-content\/uploads\/telefon_4.JPG","url":"https:\/\/www.sopok.cz\/wp-content\/uploads\/telefon_4.JPG","height":0,"width":0},"url":"https:\/\/www.sopok.cz\/co-se-tyka-problemu-s-elektrem-meli-byste-to-nechat-na-zkusenejsich\/","about":["Elektro"],"wordCount":448,"articleBody":"Pokud se v\u00e1m n\u011bkdy stane, \u017ee se v\u00e1m pokaz\u00ed n\u011bjak\u00fd elektrick\u00fd p\u0159\u00edstroj, nem\u011bli byste se do opravy dan\u00e9 v\u011bci pou\u0161t\u011bt, pokud jste ji\u017e n\u011bkdy n\u011bco takov\u00e9ho ned\u011blali, nebo dan\u00fdm v\u011bcem nerozum\u00edte.\u010clov\u011bk by mohl velice snadno o danou v\u011bc p\u0159ij\u00edt, proto\u017ee kdy\u017e n\u011bkdo za\u010dne sahat do v\u011bci, kter\u00e9 nerozum\u00ed, ve v\u00fdsledku tomu m\u016f\u017ee sp\u00ed\u0161e u\u0161kodit, ne\u017e n\u011bjak\u00fdm zp\u016fsobem pomoci.A\u0165 u\u017e se jedn\u00e1 nap\u0159\u00edklad o mobiln\u00ed telefon, po\u010d\u00edta\u010d, mix\u00e9r nebo cokoliv jin\u00e9ho, nepou\u0161t\u011bjte se do opravy dan\u00fdch v\u011bc\u00ed. Nikdy nev\u00edte, kdy omylem po\u0161kod\u00edte n\u011bco, bez \u010deho dan\u00e1 v\u011bc nem\u016f\u017ee fungovat. Mohlo by se tak klidn\u011b st\u00e1t, \u017ee u\u017e nikdy nebude fungovat a vy si tak danou v\u011bc budete muset zakoupit nanovo. N\u011bco takov\u00e9ho mnoz\u00ed neradi sly\u0161\u00ed, ale pokud se opravdu po\u0161kod\u00ed n\u011bco, co je d\u016fle\u017eit\u00e9, jen velmi t\u011b\u017eko to dan\u00e1 v\u011bc rozchod\u00ed.K\u00a0n\u011bkter\u00fdm v\u011bcem se daj\u00ed zakoupit n\u00e1hradn\u00ed d\u00edly, tak\u017ee je mo\u017en\u00e9, \u017ee se\u017eenete p\u0159esn\u011b to, co pot\u0159ebujete, aby dan\u00e1 v\u011bc zase mohla fungovat, ale skute\u010dn\u011b je lep\u0161\u00ed s\u00a0n\u011b\u010d\u00edm takov\u00fdm zaj\u00edt za n\u011bk\u00fdm, kdo rozum\u00ed oprav\u00e1m dan\u00fdch v\u011bc\u00ed a poprosit jej, zda by se v\u00e1m na danou v\u011bc nepod\u00edval.N\u011bkter\u00e9 v\u011bci se opravit daj\u00ed, ale jsou i takov\u00e9, kter\u00e9 se rozhodn\u011b opravit nedaj\u00ed. M\u011bli byste proto po\u010d\u00edtat i s\u00a0variantou, \u017ee je mo\u017en\u00e9, \u017ee bude pot\u0159eba danou v\u011bc vyhodit a zakoupit nanovo. Hodn\u011b je to o tom, co se s\u00a0danou v\u011bc\u00ed stalo. Pokud se bude jednat o mali\u010dkost, je mo\u017en\u00e9, \u017ee dan\u00e1 v\u011bc bude opravena b\u011bhem p\u00e1r minut. M\u016f\u017ee se ale klidn\u011b i st\u00e1t, \u017ee to bude n\u011bco, co skute\u010dn\u011b opravit nep\u016fjde a je proto vhodn\u00e9 v\u017edy po\u010d\u00edtat se v\u0161\u00edm.Poohl\u00e9dn\u011bte se po n\u011bkom, kdo je \u0161ikovn\u00fd a byl by schopen se na danou v\u011bc, kter\u00e1 se v\u00e1m pokazila, kouknout. Jist\u011b n\u011bkdo takov\u00fd kolem v\u00e1s je a ud\u011bl\u00e1 to pro v\u00e1s r\u00e1d.\u00a0I v\u00e1m m\u016f\u017ee dan\u00fd p\u0159edm\u011bt op\u011bt fungovat, pokud se nebude jednat o z\u00e1va\u017enou v\u011bc. Za zkou\u0161ku ale ur\u010dit\u011b stoj\u00ed nechat n\u011bkoho, aby se pod\u00edval a zjistil, co s\u00a0danou v\u011bc\u00ed je.                                                                                                                                                                                                                                                                                                                                                                                                "},{"@context":"https:\/\/schema.org\/","@type":"BreadcrumbList","itemListElement":[{"@type":"ListItem","position":1,"name":"Co se t\u00fdk\u00e1 probl\u00e9m\u016f s elektrem, m\u011bli byste to nechat na zku\u0161en\u011bj\u0161\u00edch","item":"https:\/\/www.sopok.cz\/co-se-tyka-problemu-s-elektrem-meli-byste-to-nechat-na-zkusenejsich\/#breadcrumbitem"}]}]