[{"@context":"https:\/\/schema.org\/","@type":"Article","@id":"https:\/\/www.sopok.cz\/mame-se-hur-nez-okolni-zeme\/#Article","mainEntityOfPage":"https:\/\/www.sopok.cz\/mame-se-hur-nez-okolni-zeme\/","headline":"M\u00e1me se h\u016f\u0159 ne\u017e okoln\u00ed zem\u011b?","name":"M\u00e1me se h\u016f\u0159 ne\u017e okoln\u00ed zem\u011b?","description":"Na\u0161e republika je v nez\u00e1vid\u011bn\u00edhodn\u00e9 situaci. Inflace je nejvy\u0161\u0161\u00ed za posledn\u00edch n\u011bkolik let. Ceny za nemovitosti dos\u00e1hly rekordn\u00edch v\u00fd\u0161ek,.","datePublished":"2022-11-27","dateModified":"2023-05-18","author":{"@type":"Person","@id":"https:\/\/www.sopok.cz\/author\/devene\/#Person","name":"devene","url":"https:\/\/www.sopok.cz\/author\/devene\/","identifier":1,"image":{"@type":"ImageObject","@id":"https:\/\/secure.gravatar.com\/avatar\/7b7a3ac09da7f6a75c5f1ebec5be454c22943a51b9f5595d89318ef09bd44dd1?s=96&d=mm&r=g","url":"https:\/\/secure.gravatar.com\/avatar\/7b7a3ac09da7f6a75c5f1ebec5be454c22943a51b9f5595d89318ef09bd44dd1?s=96&d=mm&r=g","height":96,"width":96}},"publisher":{"@type":"Organization","name":"sopok.cz","logo":{"@type":"ImageObject","@id":"\/logo.png","url":"\/logo.png","width":600,"height":60}},"image":{"@type":"ImageObject","@id":"https:\/\/www.sopok.cz\/wp-content\/uploads\/pexels-pixabay-269790_1.jpg","url":"https:\/\/www.sopok.cz\/wp-content\/uploads\/pexels-pixabay-269790_1.jpg","height":0,"width":0},"url":"https:\/\/www.sopok.cz\/mame-se-hur-nez-okolni-zeme\/","about":["Pen\u00edze"],"wordCount":395,"articleBody":"   Na\u0161e republika je v nez\u00e1vid\u011bn\u00edhodn\u00e9 situaci. Inflace je nejvy\u0161\u0161\u00ed za posledn\u00edch n\u011bkolik let. Ceny za nemovitosti dos\u00e1hly rekordn\u00edch v\u00fd\u0161ek, stejn\u011b jako ceny za z\u00e1lohy na energie. Spousta lid\u00ed se dost\u00e1v\u00e1 do situace, kdy nev\u011bd\u00ed, z \u010deho budou nad\u00e1le \u017e\u00edt a z \u010deho zaplat\u00ed n\u00e1jem, energie a j\u00eddlo. Hodn\u011b velk\u00e9 procento lid\u00ed vy\u010d\u00edt\u00e1 tuto situaci na\u0161\u00ed vl\u00e1d\u011b. Je to ale opravdu tak, \u017ee se m\u00e1me jen my v cel\u00e9 Evrop\u011b tak \u0161patn\u011b?Nen\u00ed tomu tak. Situacemi, kter\u00e9 postihli cel\u00fd sv\u011bt, trp\u00ed i okoln\u00ed st\u00e1ty, nejenom my. Vlastn\u011b m\u016f\u017eeme \u0159\u00edct, \u017ee je zas\u00e1hnut\u00e1 prakticky cel\u00e1 Evropa. Posledn\u00ed roky toti\u017e k n\u00ed opravdu nebyly p\u0159\u00edzniv\u00e9. Nejprve p\u0159i\u0161la covidov\u00e1 vlna, kter\u00e1 ochromila cel\u00fd sv\u011bt. A to nejen po str\u00e1nce zdravotn\u00ed, ale i po t\u00e9 ekonomick\u00e9. Po cel\u00e9m sv\u011bt\u011b nastaly lock downy, d\u00edky kter\u00fdm se zav\u00edrali r\u016fzn\u00e9 tov\u00e1rny, v\u00fdroby, obchody a ekonomika pomalu krv\u00e1cela. Kdy\u017e u\u017e se zd\u00e1lo, \u017ee covid je za n\u00e1mi, Rusko za\u00fato\u010dilo na Ukrajinu, co\u017e m\u011blo dal\u0161\u00ed velk\u00fd dopad na na\u0161i ekonomiku. A pr\u00e1v\u011b v t\u00e9 nejhor\u0161\u00ed ekonomick\u00e9 krizi se nach\u00e1z\u00edme te\u010f.Jak pro ti n\u00ed ale bojovat? To \u0159e\u0161\u00ed v\u0161echny zem\u011b Evropy. U\u017e n\u011bkolik p\u0159\u00edklad\u016f n\u00e1m uk\u00e1zalo, \u017ee zastropov\u00e1n\u00ed cen u \u010dehokoliv z dlouhodob\u00e9ho hlediska nic ne\u0159e\u0161\u00ed. U n\u00e1s je nyn\u00ed zastropovan\u00e1 cena plynu, co\u017e m\u016f\u017ee spoustu ob\u010dan\u016fm pomoci. Nav\u00edc m\u00e1 \u010cesk\u00e1 republika velmi \u0161t\u011bdr\u00fd syst\u00e9m soci\u00e1ln\u00edch d\u00e1vek, kter\u00e9 m\u016f\u017eou ob\u010dan\u00e9 vyu\u017e\u00edvat a mohou jim pomoci k tomu, aby trochu l\u00e9pe zvl\u00e1dali svoji finan\u010dn\u00ed situaci.Nav\u00edc, mus\u00edme pamatovat na to, \u017ee jin\u00e9 zem\u011b, t\u0159eba i mimo Evropu, jsou na tom h\u016f\u0159e ne\u017e my. My st\u00e1le m\u00e1me kvalitn\u00ed \u0161kolstv\u00ed, zdravotnictv\u00ed, dostatek vody, potravin a m\u016f\u017eeme z\u00edskat pomoci od st\u00e1tu. Ostatn\u00ed lid\u00e9 nemus\u00ed m\u00edt takov\u00e9 \u0161t\u011bst\u00ed, jako my. Proto bychom si m\u011bli v\u00e1\u017eit toho, co m\u00e1me. Chcete se dozv\u011bd\u011bt v\u00edce o situaci v Evrop\u011b? Pod\u00edvejte se na \u010dl\u00e1nek o t\u00e9matu I Evropa m\u00e1 pot\u00ed\u017ee Hypot\u00e9ka bez registru.                                                                                                                                                                                                                                                                                                                                                                                                  "},{"@context":"https:\/\/schema.org\/","@type":"BreadcrumbList","itemListElement":[{"@type":"ListItem","position":1,"name":"M\u00e1me se h\u016f\u0159 ne\u017e okoln\u00ed zem\u011b?","item":"https:\/\/www.sopok.cz\/mame-se-hur-nez-okolni-zeme\/#breadcrumbitem"}]}]