[{"@context":"https:\/\/schema.org\/","@type":"Article","@id":"https:\/\/www.sopok.cz\/politika-v-rodine\/#Article","mainEntityOfPage":"https:\/\/www.sopok.cz\/politika-v-rodine\/","headline":"Politika v rodin\u011b","name":"Politika v rodin\u011b","description":"Tak\u00e9 se v\u00e1m n\u011bkdy stalo, \u017ee jste se\u00a0doma s rodinou poh\u00e1dali, \u017ee jste se t\u0159eba h\u00e1dali opravdu o r\u016fzn\u00e9.","datePublished":"2024-07-24","dateModified":"2024-07-24","author":{"@type":"Person","@id":"https:\/\/www.sopok.cz\/author\/devene\/#Person","name":"devene","url":"https:\/\/www.sopok.cz\/author\/devene\/","identifier":1,"image":{"@type":"ImageObject","@id":"https:\/\/secure.gravatar.com\/avatar\/7b7a3ac09da7f6a75c5f1ebec5be454c22943a51b9f5595d89318ef09bd44dd1?s=96&d=mm&r=g","url":"https:\/\/secure.gravatar.com\/avatar\/7b7a3ac09da7f6a75c5f1ebec5be454c22943a51b9f5595d89318ef09bd44dd1?s=96&d=mm&r=g","height":96,"width":96}},"publisher":{"@type":"Organization","name":"sopok.cz","logo":{"@type":"ImageObject","@id":"\/logo.png","url":"\/logo.png","width":600,"height":60}},"image":{"@type":"ImageObject","@id":"https:\/\/www.sopok.cz\/wp-content\/uploads\/frederique-ries-4049099_960_720.jpg","url":"https:\/\/www.sopok.cz\/wp-content\/uploads\/frederique-ries-4049099_960_720.jpg","height":0,"width":0},"url":"https:\/\/www.sopok.cz\/politika-v-rodine\/","about":["Politika"],"wordCount":410,"articleBody":"Tak\u00e9 se v\u00e1m n\u011bkdy stalo, \u017ee jste se\u00a0doma s rodinou poh\u00e1dali, \u017ee jste se t\u0159eba h\u00e1dali opravdu o r\u016fzn\u00e9 hlouposti? N\u011bkdy to tak b\u00fdv\u00e1, kdy\u017e se doma mluv\u00ed o politice. A\u00a0v\u00a0posledn\u00ed dob\u011b sl\u00fdch\u00e1m, \u017ee lid\u00e9 se o politice doma bav\u00ed \u010d\u00edm d\u00e1l t\u00edm \u010dast\u011bji. N\u011bkdy je to opravdu \u0161koda, proto\u017ee jsou r\u016fzn\u00e9 situace, kdy lid\u00e9 se o politice bav\u00ed dost\u00a0a n\u011bkomu to jednodu\u0161e nesedne. N\u011bkoho prost\u011b politika v\u016fbec nezaj\u00edm\u00e1 a n\u011bkoho politika v\u016fbec nebav\u00ed. Jenom\u017ee tohle je potom opravdu velik\u00e1 \u0161koda. Je to velice smutn\u00e9, proto jsem si \u0159ekla, \u017ee by bylo opravdu nejlep\u0161\u00ed, kdyby lid\u00e9 se o politice doma v\u016fbec nebavili. A to ani p\u0159i n\u011bjak\u00fdch oslav\u00e1ch a podobn\u011b.A zn\u00e1m p\u00e1r nep\u0159\u00edjemn\u00fdch zku\u0161enost\u00ed a tak\u00e9 situac\u00ed, kdy se lid\u00e9 na oslav\u011b bavili o politice. Ano, ze za\u010d\u00e1tku to pro n\u011b byla opravdu velik\u00e1 sranda, ale nasm\u00e1li jsme se u toho, jenom\u017ee kdy\u017e se potom vypil n\u011bjak\u00fd ten alkohol, tak potom to \u0161lo u\u017e z kopce. N\u011bkdo za\u010dal mluvit o politice. A potom\u00a0n\u011bkdo za\u010dal politiku hanit a n\u011bkdo zase politiku za\u010dal\u00a0chv\u00e1lit. A to hlavn\u011b r\u016fzn\u00e9 politick\u00e9 skupiny anebo politick\u00e9 strany \u010di samotn\u00e9 politiky \u010di politi\u010dky. A kdy\u017e\u00a0se to n\u011bkomu nel\u00edbilo, tak potom u\u017e byl ohe\u0148 na st\u0159e\u0161e. J\u00e1 sama jsem si \u0159ekla, \u017ee jsem opravdu r\u00e1da, \u017ee u n\u00e1s doma nikdo nem\u00e1 politiku. Tak moc r\u00e1d, \u017ee by se o n\u00ed cht\u011bl nonstop bavit. Je to opravdu smutn\u00e9. J\u00e1\u00a0jsem si \u0159\u00edkala, \u017ee bych byla opravdu ne\u0161\u0165astn\u00e1 z toho, kdyby t\u0159eba n\u011bkdo u\u00a0n\u00e1s doma byl v politice, kdyby se anga\u017eoval do politiky. Proto\u017ee to by potom znamenalo, \u017ee bychom tak\u00e9 byli prop\u00edr\u00e1ni\u00a0v m\u00e9di\u00edch a m\u011b by se tohle v\u016fbec nel\u00edbilo. Proto jsem r\u00e1da, \u017ee doma takov\u00e9ho nikoho nem\u00e1me. Jsou ale rodiny, kde jsou t\u0159eba oba dva\u00a0rodi\u010de v politice a nejhor\u0161\u00ed by bylo, kdyby ka\u017ed\u00fd man\u017eel byl v jin\u00e9 politick\u00e9 stran\u011b. No, dok\u00e1\u017eete si tohle p\u0159edstavit? Podle m\u00e9ho n\u00e1zoru by to byla katastrofa. A byl by z toho opravdu p\u011bkn\u00fd horor.\u00a0                                                                                                                                                                                                                                                                                                                                                                                                "},{"@context":"https:\/\/schema.org\/","@type":"BreadcrumbList","itemListElement":[{"@type":"ListItem","position":1,"name":"Politika v rodin\u011b","item":"https:\/\/www.sopok.cz\/politika-v-rodine\/#breadcrumbitem"}]}]